{"id":129,"date":"2013-01-29T13:37:07","date_gmt":"2013-01-29T11:37:07","guid":{"rendered":"http:\/\/www.istesaglikdergisi.com.tr\/index.php\/2013\/01\/29\/kulaklarinizi-koruyun\/"},"modified":"2021-01-22T10:46:26","modified_gmt":"2021-01-22T07:46:26","slug":"kulaklarinizi-koruyun","status":"publish","type":"post","link":"http:\/\/www.istesaglikdergisi.com.tr\/index.php\/2013\/01\/29\/kulaklarinizi-koruyun\/","title":{"rendered":"Kulaklar\u0131n\u0131z\u0131 Koruyun"},"content":{"rendered":"<p><strong>Kulaklar\u0131n\u0131z\u0131 Koruyun<\/strong><\/p>\n<p><strong>G\u00fcr\u00fclt\u00fc nas\u0131l bir sorundur?<\/strong><\/p>\n<p>G\u00fcr\u00fclt\u00fc g\u00fcnl\u00fck ya\u015fam\u0131n bir par\u00e7as\u0131d\u0131r. Ama y\u00fcksek sesli g\u00fcr\u00fclt\u00fc kulaklar\u0131n\u0131zda kal\u0131c\u0131 hasara neden olabilir. Konu\u015fmak zor ya da olanaks\u0131z hale gelebilir, aileniz televizyonu \u00e7ok a\u00e7mam\u0131zdan \u015fikayet\u00e7i olur ve telefonu kullan\u0131rken sorun ya\u015fars\u0131n\u0131z. Kal\u0131c\u0131 kulak \u00e7\u0131nlamas\u0131 da olu\u015fabilir. \u00c7ok y\u00fcksek ya da patlama sesi sonucu hasar birdenbir olabilece\u011fi gibi, genellikle zamanla, yava\u015f yava\u015f da olur. Fark etti\u011finizde, belki \u00e7ok ge\u00e7 kalm\u0131\u015f olabilirsiniz.<\/p>\n<p><strong>\u00c7al\u0131\u015ft\u0131\u011f\u0131m yerde g\u00fcr\u00fclt\u00fc sorunu var m\u0131?<\/strong><\/p>\n<p>E\u011fer \u00e7al\u0131\u015ft\u0131\u011f\u0131n\u0131z yerdeki g\u00fcr\u00fclt\u00fc ile ilgili a\u015fa\u011f\u0131daki sorulara &#8220;evet&#8221; yan\u0131t\u0131n\u0131 verebiliyorsan\u0131z:<\/p>\n<ul>\n<li>G\u00fcr\u00fclt\u00fc g\u00fcn\u00fcn b\u00fcy\u00fck b\u00f6l\u00fcm\u00fcnde yo\u011fun bir sokak, elektirikli s\u00fcp\u00fcrge ya da kalabal\u0131k bir restoran gibi etkili mi?<\/li>\n<li>En az\u0131ndan g\u00fcn\u00fcn bir b\u00f6l\u00fcm\u00fcnde 2 metre mesafede normal bir konu\u015fma yapabilmek i\u00e7in sesinizi y\u00fckseltmeniz gerekiyor mu?<\/li>\n<li>G\u00fcnde yar\u0131m saaten fazla g\u00fcr\u00fclt\u00fc yapan elektrikli aletler ya da makineler kullan\u0131yor musunuz?<\/li>\n<li>G\u00fcr\u00fclt\u00fcl\u00fc bir i\u015fkolunda m\u0131 \u00e7al\u0131\u015f\u0131yorsunuz?<\/li>\n<li>Darbeler, kartu\u015fla \u00e7al\u0131\u015fan aletler ya da f\u00fcnyeler gibi patlama kaynaklar\u0131 ya da tabancalardan \u00e7\u0131kan g\u00fcr\u00fclt\u00fcler var m\u0131?<\/li>\n<\/ul>\n<p>Ertesi sabaha kadar ge\u00e7se bile, g\u00fcn bitiminde kulaklar\u0131n\u0131z a\u011f\u0131rla\u015f\u0131yorsa da risk alt\u0131ndas\u0131n\u0131z demektir. Ancak, sizin kulaklar\u0131n\u0131z\u0131n hasar g\u00f6rmesi hi\u00e7 gerekmez. \u0130\u015fvereniniz sizi korumakla y\u00fck\u00fcml\u00fc olup, riski azaltmaya d\u00f6n\u00fck \u00f6nlemler \u00fczerinde \u00e7al\u0131\u015f\u0131yor olmas\u0131 gerekir.<\/p>\n<p><strong>\u0130\u015fverenimin neler yapmas\u0131 gerekir?<\/strong><\/p>\n<ul>\n<li>Yasa gere\u011fi i\u015fvereniniz, sizin hangi seviyelerde g\u00fcr\u00fclt\u00fcye maruz kald\u0131\u011f\u0131n\u0131z\u0131 tespit etmek ve bunun kulaklar\u0131n\u0131z a\u00e7\u0131s\u0131ndan yaratt\u0131\u011f\u0131 riskleri de\u011ferlendirmek zorundad\u0131r.<\/li>\n<li>G\u00fcr\u00fclt\u00fcye maruz kalma seviyelerinize ba\u011fl\u0131 olarak, i\u015fveren:<\/li>\n<li>Perdeler ya da bariyerler kullanarak ya da susturucu takarak g\u00fcr\u00fclt\u00fcye maruz kalma seviyesini azalt\u0131c\u0131 teknik donan\u0131m sa\u011flamal\u0131d\u0131r.<\/li>\n<li>\u00c7al\u0131\u015fma \u015feklinizi ya i\u015fyeri d\u00fczenini de\u011fi\u015ftirmelidir. Sadece koruyucu \u00f6nlemlere bel ba\u011flanmamal\u0131d\u0131r.<\/li>\n<li>\u0130\u015fi yapacak en sessiz makineleri sa\u011flamal\u0131d\u0131r.<\/li>\n<li>Size kulaklar\u0131n\u0131z\u0131 koruma olanaklar\u0131 sunmal\u0131d\u0131r.<\/li>\n<li>Sizi d\u00fczenlik olarak i\u015fitme testlerine g\u00f6ndermelidir.<\/li>\n<li>Size bilgi ve e\u011fitim vermelidir.<\/li>\n<\/ul>\n","protected":false},"excerpt":{"rendered":"<p>Kulaklar\u0131n\u0131z\u0131 Koruyun G\u00fcr\u00fclt\u00fc nas\u0131l bir sorundur? G\u00fcr\u00fclt\u00fc g\u00fcnl\u00fck ya\u015fam\u0131n bir par\u00e7as\u0131d\u0131r. Ama y\u00fcksek sesli g\u00fcr\u00fclt\u00fc<\/p>\n","protected":false},"author":1,"featured_media":24,"comment_status":"closed","ping_status":"closed","sticky":false,"template":"","format":"standard","meta":[],"categories":[4],"tags":[],"_links":{"self":[{"href":"http:\/\/www.istesaglikdergisi.com.tr\/index.php\/wp-json\/wp\/v2\/posts\/129"}],"collection":[{"href":"http:\/\/www.istesaglikdergisi.com.tr\/index.php\/wp-json\/wp\/v2\/posts"}],"about":[{"href":"http:\/\/www.istesaglikdergisi.com.tr\/index.php\/wp-json\/wp\/v2\/types\/post"}],"author":[{"embeddable":true,"href":"http:\/\/www.istesaglikdergisi.com.tr\/index.php\/wp-json\/wp\/v2\/users\/1"}],"replies":[{"embeddable":true,"href":"http:\/\/www.istesaglikdergisi.com.tr\/index.php\/wp-json\/wp\/v2\/comments?post=129"}],"version-history":[{"count":3,"href":"http:\/\/www.istesaglikdergisi.com.tr\/index.php\/wp-json\/wp\/v2\/posts\/129\/revisions"}],"predecessor-version":[{"id":515,"href":"http:\/\/www.istesaglikdergisi.com.tr\/index.php\/wp-json\/wp\/v2\/posts\/129\/revisions\/515"}],"wp:featuredmedia":[{"embeddable":true,"href":"http:\/\/www.istesaglikdergisi.com.tr\/index.php\/wp-json\/wp\/v2\/media\/24"}],"wp:attachment":[{"href":"http:\/\/www.istesaglikdergisi.com.tr\/index.php\/wp-json\/wp\/v2\/media?parent=129"}],"wp:term":[{"taxonomy":"category","embeddable":true,"href":"http:\/\/www.istesaglikdergisi.com.tr\/index.php\/wp-json\/wp\/v2\/categories?post=129"},{"taxonomy":"post_tag","embeddable":true,"href":"http:\/\/www.istesaglikdergisi.com.tr\/index.php\/wp-json\/wp\/v2\/tags?post=129"}],"curies":[{"name":"wp","href":"https:\/\/api.w.org\/{rel}","templated":true}]}}