{"id":871,"date":"2022-05-18T12:47:06","date_gmt":"2022-05-18T09:47:06","guid":{"rendered":"http:\/\/www.istesaglikdergisi.com.tr\/?p=871"},"modified":"2023-03-27T12:47:39","modified_gmt":"2023-03-27T09:47:39","slug":"madenlere-uc-ayri-sinifta-denetim","status":"publish","type":"post","link":"http:\/\/www.istesaglikdergisi.com.tr\/index.php\/2022\/05\/18\/madenlere-uc-ayri-sinifta-denetim\/","title":{"rendered":"Madenlere \u00fc\u00e7 ayr\u0131 s\u0131n\u0131fta denetim"},"content":{"rendered":"<p>Enerji ve Tabii Kaynaklar Bakan Yard\u0131mc\u0131s\u0131 \u015eeref Kalayc\u0131, maden sahalar\u0131 denetimlerini az riskli, riskli ve \u00e7ok riskli olmak \u00fczere \u00fc\u00e7 s\u0131n\u0131fa ay\u0131rd\u0131klar\u0131n\u0131 belirterek, \u201cAz riskli gruptaki madenlerimizi y\u0131lda en az bir, riskli grupta yer alan madenlerimizi y\u0131lda en az iki ve \u00e7ok riskli gruptaki madenlerimizi ise y\u0131lda en az d\u00f6rt kez denetliyoruz. Gerek duyulan her t\u00fcrl\u00fc aksiyonu da en iyi \u015fekilde al\u0131yoruz\u201d dedi.<\/p>\n<p>Kalayc\u0131, 2. Maden Kurtarma Yar\u0131\u015fmas\u0131\u2019n\u0131n a\u00e7\u0131l\u0131\u015f\u0131nda yapt\u0131\u011f\u0131 konu\u015fmada, madencilik faaliyetlerinin var olmas\u0131 ile birlikte maden kurtarma fonksiyonuna olan ihtiyac\u0131n da var oldu\u011funu ve madencilik faaliyetlerinin artmas\u0131na paralel olarak arama-kurtarma faaliyetlerinin de artt\u0131\u011f\u0131n\u0131 kaydetti. Kalayc\u0131, teknolojinin geli\u015fmesiyle hem ekipman hem de ekipler anlam\u0131nda maksimum profesyonellik ve minimum risk noktas\u0131na eri\u015fildi\u011fini s\u00f6yledi. Madenlerin bir\u00e7ok yarar\u0131 oldu\u011fu gibi riskleri de bulundu\u011funu dile getiren Kalayc\u0131, \u015funlar\u0131 s\u00f6yledi:<\/p>\n<p>\u201cG\u00fcn\u00fcm\u00fczde en tehlikeli olan mesleklerden biri de madencilik. D\u00fcnya n\u00fcfusunun yakla\u015f\u0131k y\u00fczde 1\u2019i maden sekt\u00f6r\u00fcnde \u00e7al\u0131\u015fmas\u0131na ra\u011fmen ger\u00e7ekle\u015fen i\u015f kazalar\u0131n\u0131n yakla\u015f\u0131k y\u00fczde 8.5\u2019i maden, \u00f6zellikle k\u00f6m\u00fcr sekt\u00f6r\u00fcnde ger\u00e7ekle\u015fiyor. Bu oran\u0131n \u00e7ok y\u00fcksek olmas\u0131n\u0131n yan\u0131 s\u0131ra 2017 y\u0131l\u0131ndan beri madenlerde ger\u00e7ekle\u015fen i\u015f kazalar\u0131nda g\u00f6ze \u00e7arpan bir d\u00fc\u015f\u00fc\u015f ya\u015fand\u0131.\u201d<\/p>\n<p>\u2018KAZANAN \u00dcLKEM\u0130Z\u2019<\/p>\n<p>T\u00fcrkiye Madenciler Derne\u011fi Ba\u015fkan\u0131 Ali Emiro\u011flu da son y\u0131llarda i\u015f sa\u011fl\u0131\u011f\u0131 ve g\u00fcvenli\u011fi k\u00fclt\u00fcr\u00fcn\u00fcn olu\u015fmas\u0131 ve bilincin artt\u0131r\u0131lmas\u0131 y\u00f6n\u00fcnde \u00f6nemli kararlar al\u0131nd\u0131\u011f\u0131n\u0131 belirterek, \u201cBu etkinli\u011fin kazanan\u0131 t\u00fcm ekiplerdir, madencilik sekt\u00f6r\u00fcd\u00fcr, \u00fclkemizdir\u201d dedi.<\/p>\n","protected":false},"excerpt":{"rendered":"<p>Enerji ve Tabii Kaynaklar Bakan Yard\u0131mc\u0131s\u0131 \u015eeref Kalayc\u0131, maden sahalar\u0131 denetimlerini az riskli, riskli ve<\/p>\n","protected":false},"author":1,"featured_media":872,"comment_status":"closed","ping_status":"closed","sticky":false,"template":"","format":"standard","meta":[],"categories":[4],"tags":[],"_links":{"self":[{"href":"http:\/\/www.istesaglikdergisi.com.tr\/index.php\/wp-json\/wp\/v2\/posts\/871"}],"collection":[{"href":"http:\/\/www.istesaglikdergisi.com.tr\/index.php\/wp-json\/wp\/v2\/posts"}],"about":[{"href":"http:\/\/www.istesaglikdergisi.com.tr\/index.php\/wp-json\/wp\/v2\/types\/post"}],"author":[{"embeddable":true,"href":"http:\/\/www.istesaglikdergisi.com.tr\/index.php\/wp-json\/wp\/v2\/users\/1"}],"replies":[{"embeddable":true,"href":"http:\/\/www.istesaglikdergisi.com.tr\/index.php\/wp-json\/wp\/v2\/comments?post=871"}],"version-history":[{"count":1,"href":"http:\/\/www.istesaglikdergisi.com.tr\/index.php\/wp-json\/wp\/v2\/posts\/871\/revisions"}],"predecessor-version":[{"id":873,"href":"http:\/\/www.istesaglikdergisi.com.tr\/index.php\/wp-json\/wp\/v2\/posts\/871\/revisions\/873"}],"wp:featuredmedia":[{"embeddable":true,"href":"http:\/\/www.istesaglikdergisi.com.tr\/index.php\/wp-json\/wp\/v2\/media\/872"}],"wp:attachment":[{"href":"http:\/\/www.istesaglikdergisi.com.tr\/index.php\/wp-json\/wp\/v2\/media?parent=871"}],"wp:term":[{"taxonomy":"category","embeddable":true,"href":"http:\/\/www.istesaglikdergisi.com.tr\/index.php\/wp-json\/wp\/v2\/categories?post=871"},{"taxonomy":"post_tag","embeddable":true,"href":"http:\/\/www.istesaglikdergisi.com.tr\/index.php\/wp-json\/wp\/v2\/tags?post=871"}],"curies":[{"name":"wp","href":"https:\/\/api.w.org\/{rel}","templated":true}]}}