{"id":921,"date":"2023-03-29T10:26:25","date_gmt":"2023-03-29T07:26:25","guid":{"rendered":"http:\/\/www.istesaglikdergisi.com.tr\/?p=921"},"modified":"2023-04-05T10:30:08","modified_gmt":"2023-04-05T07:30:08","slug":"ingiltere-iklim-degisikliginin-yogunlasan-etkilerine-karsi-carpici-sekilde-hazirliksiz","status":"publish","type":"post","link":"http:\/\/www.istesaglikdergisi.com.tr\/index.php\/2023\/03\/29\/ingiltere-iklim-degisikliginin-yogunlasan-etkilerine-karsi-carpici-sekilde-hazirliksiz\/","title":{"rendered":"\u0130ngiltere, iklim de\u011fi\u015fikli\u011finin yo\u011funla\u015fan etkilerine kar\u015f\u0131 &#8220;\u00e7arp\u0131c\u0131 \u015fekilde&#8221; haz\u0131rl\u0131ks\u0131z"},"content":{"rendered":"<p>\u0130ngiltere&#8217;nin iklim de\u011fi\u015fikli\u011finin artan etkilerine kar\u015f\u0131 \u00e7arp\u0131c\u0131 \u015fekilde haz\u0131rl\u0131ks\u0131z oldu\u011fu ve iklim diren\u00e7li planlama olmadan \u00fclkenin bu etkilere kar\u015f\u0131 giderek k\u0131r\u0131lgan hale gelece\u011fi bildirildi.<br \/>\n\u0130ngiliz h\u00fck\u00fcmetinin ba\u011f\u0131ms\u0131z iklim dan\u0131\u015fma organ\u0131 \u0130klim De\u011fi\u015fikli\u011fi Komitesinin (CCC) \u0130ngiltere i\u00e7in Adaptasyon \u0130lerleme Raporu&#8217;na g\u00f6re, iklim de\u011fi\u015fikli\u011finin etkileri \u00fclke \u00e7ap\u0131nda ciddi bir \u015fekilde hissediliyor.<\/p>\n<p>Ge\u00e7en y\u0131l hava s\u0131cakl\u0131\u011f\u0131n\u0131n ilk kez 40 dereceyi g\u00f6rmesi iklim de\u011fi\u015fikli\u011finin en belirgin i\u015fareti olarak de\u011ferlendirilirken, s\u0131cak hava dalgas\u0131 \u00f6l\u00fcmlere, orman yang\u0131nlar\u0131na ve altyap\u0131 sorunlar\u0131na yol a\u00e7t\u0131. S\u0131cak hava kaynakl\u0131 \u00f6l\u00fcmler ge\u00e7en y\u0131l t\u00fcm zamanlar\u0131n en y\u00fcksek seviyesini g\u00f6rd\u00fc.<\/p>\n<p>\u0130ngiltere h\u00fck\u00fcmetinin ise iklim de\u011fi\u015fikli\u011finin artan etkilerine kar\u015f\u0131 adaptasyon konusunda \u00e7arp\u0131c\u0131 \u015fekilde haz\u0131rl\u0131ks\u0131z oldu\u011fu ve adaptasyon \u00f6nlemleriyle dayan\u0131kl\u0131l\u0131\u011f\u0131 art\u0131rmamas\u0131 halinde, \u00fclkenin yo\u011funla\u015fan iklim etkileri nedeniyle daha k\u0131r\u0131lgan hale gelece\u011fi tespit edildi.<\/p>\n<p>\u00dclkenin adaptasyon ve iklim direncini art\u0131rmas\u0131 gereken kritik sekt\u00f6rler ise g\u0131da g\u00fcvenli\u011fi, su tedariki, enerji, sa\u011fl\u0131k, do\u011fa, telekom, ula\u015f\u0131m, \u015fehirler, binalar, i\u015f d\u00fcnyas\u0131 ve iklim finansman\u0131 olarak belirlendi.<\/p>\n<p>CCC&#8217;nin raporuna g\u00f6re, \u0130ngiltere&#8217;nin mevcut Ulusal Adaptasyon Program\u0131 \u00fclkenin iklim de\u011fi\u015fikli\u011fi nedeniyle ya\u015fad\u0131\u011f\u0131 zorluklara kar\u015f\u0131 yetersiz ve gerekli politikalar\u0131n uygulanmas\u0131n\u0131 desteklemiyor.<\/p>\n<p>\u0130ngiltere&#8217;nin bu yaz s\u00f6z konusu program\u0131 g\u00fcncellemesi beklenirken, bu program kapsam\u0131nda belirlenecek politikalar iklim de\u011fi\u015fikli\u011fine kar\u015f\u0131 adaptasyonu art\u0131rmak ve gelecek 5 y\u0131l\u0131 daha harcamamak i\u00e7in &#8220;son \u015fans&#8221; olarak nitelendiriliyor.<\/p>\n<p>CCC Adaptasyon Komitesi Ba\u015fkan\u0131 Baroness Brown, rapora ili\u015fkin de\u011ferlendirmesinde, h\u00fck\u00fcmetin iklim direnci konusundaki haz\u0131rl\u0131ks\u0131zl\u0131\u011f\u0131n\u0131n \u00fclkedeki insanlar\u0131n yak\u0131n zamandaki denetimleriyle keskin bir tezat olu\u015fturdu\u011funu belirterek, \u015fu ifadeleri kulland\u0131:<\/p>\n<p>&#8220;\u0130klim de\u011fi\u015fikli\u011fi etkisini hissettirdik\u00e7e, insanlar, do\u011fa ve altyap\u0131 bunun y\u0131k\u0131c\u0131 sonu\u00e7lar\u0131yla kar\u015f\u0131la\u015f\u0131yor. Bu etkiler, \u00f6n\u00fcm\u00fczdeki y\u0131llarda daha da yo\u011funla\u015facak. \u0130klim de\u011fi\u015fikli\u011finin bildi\u011fimiz risklerine kar\u015f\u0131 adaptasyon ve haz\u0131rl\u0131k konusunda son 10 y\u0131l kay\u0131p ge\u00e7ti. Aksiyon al\u0131nmadan ge\u00e7en her ay bu etkilerin daha y\u0131k\u0131c\u0131 olmas\u0131na yol a\u00e7\u0131yor ve s\u0131f\u0131r emisyon ba\u015fta olmak \u00fczere iklim hedeflerinin ger\u00e7ekle\u015ftirilmesini riske at\u0131yor. H\u00fck\u00fcmetin iklim direncini art\u0131rmas\u0131 i\u00e7in a\u00e7\u0131k bir yol haritas\u0131 \u00e7\u0131kard\u0131k ve bu konuda ad\u0131m atmal\u0131lar.&#8221;<\/p>\n","protected":false},"excerpt":{"rendered":"<p>\u0130ngiltere&#8217;nin iklim de\u011fi\u015fikli\u011finin artan etkilerine kar\u015f\u0131 \u00e7arp\u0131c\u0131 \u015fekilde haz\u0131rl\u0131ks\u0131z oldu\u011fu ve iklim diren\u00e7li planlama olmadan<\/p>\n","protected":false},"author":1,"featured_media":922,"comment_status":"closed","ping_status":"closed","sticky":false,"template":"","format":"standard","meta":[],"categories":[10],"tags":[],"_links":{"self":[{"href":"http:\/\/www.istesaglikdergisi.com.tr\/index.php\/wp-json\/wp\/v2\/posts\/921"}],"collection":[{"href":"http:\/\/www.istesaglikdergisi.com.tr\/index.php\/wp-json\/wp\/v2\/posts"}],"about":[{"href":"http:\/\/www.istesaglikdergisi.com.tr\/index.php\/wp-json\/wp\/v2\/types\/post"}],"author":[{"embeddable":true,"href":"http:\/\/www.istesaglikdergisi.com.tr\/index.php\/wp-json\/wp\/v2\/users\/1"}],"replies":[{"embeddable":true,"href":"http:\/\/www.istesaglikdergisi.com.tr\/index.php\/wp-json\/wp\/v2\/comments?post=921"}],"version-history":[{"count":1,"href":"http:\/\/www.istesaglikdergisi.com.tr\/index.php\/wp-json\/wp\/v2\/posts\/921\/revisions"}],"predecessor-version":[{"id":923,"href":"http:\/\/www.istesaglikdergisi.com.tr\/index.php\/wp-json\/wp\/v2\/posts\/921\/revisions\/923"}],"wp:featuredmedia":[{"embeddable":true,"href":"http:\/\/www.istesaglikdergisi.com.tr\/index.php\/wp-json\/wp\/v2\/media\/922"}],"wp:attachment":[{"href":"http:\/\/www.istesaglikdergisi.com.tr\/index.php\/wp-json\/wp\/v2\/media?parent=921"}],"wp:term":[{"taxonomy":"category","embeddable":true,"href":"http:\/\/www.istesaglikdergisi.com.tr\/index.php\/wp-json\/wp\/v2\/categories?post=921"},{"taxonomy":"post_tag","embeddable":true,"href":"http:\/\/www.istesaglikdergisi.com.tr\/index.php\/wp-json\/wp\/v2\/tags?post=921"}],"curies":[{"name":"wp","href":"https:\/\/api.w.org\/{rel}","templated":true}]}}